{"id":5,"date":"2009-02-26T22:44:00","date_gmt":"2009-02-26T21:44:00","guid":{"rendered":"http:\/\/blog-nationa-lang-fr.arnaud-bernard.org\/index.php\/2009\/02\/26\/proposition\/"},"modified":"2021-03-01T13:26:04","modified_gmt":"2021-03-01T12:26:04","slug":"proposition","status":"publish","type":"post","link":"https:\/\/www.nationalisation-langues-de-france.net\/index.php\/2009\/02\/26\/proposition\/","title":{"rendered":"La proposition"},"content":{"rendered":"\t\t<div data-elementor-type=\"wp-post\" data-elementor-id=\"5\" class=\"elementor elementor-5\">\n\t\t\t\t\t\t<section class=\"elementor-section elementor-top-section elementor-element elementor-element-7659ed8c elementor-section-boxed elementor-section-height-default elementor-section-height-default\" data-id=\"7659ed8c\" data-element_type=\"section\" data-e-type=\"section\">\n\t\t\t\t\t\t<div class=\"elementor-container elementor-column-gap-default\">\n\t\t\t\t\t<div class=\"elementor-column elementor-col-100 elementor-top-column elementor-element elementor-element-5515201b\" data-id=\"5515201b\" data-element_type=\"column\" data-e-type=\"column\">\n\t\t\t<div class=\"elementor-widget-wrap elementor-element-populated\">\n\t\t\t\t\t\t<div class=\"elementor-element elementor-element-5634ed46 elementor-widget elementor-widget-text-editor\" data-id=\"5634ed46\" data-element_type=\"widget\" data-e-type=\"widget\" data-widget_type=\"text-editor.default\">\n\t\t\t\t<div class=\"elementor-widget-container\">\n\t\t\t\t\t\t\t\t\tDeux courants de pens\u00e9e antagonistes se trouvent objectivement alli\u00e9es pour faire que l&rsquo;\u00c9tat se d\u00e9sengage de toute responsabilit\u00e9 quant aux langues\/cultures indig\u00e8nes de son territoire, et pr\u00f4nent l&rsquo;id\u00e9e que c&rsquo;est aux r\u00e9gions seules de s&rsquo;en occuper : *1) l&rsquo;id\u00e9ologie fran\u00e7aise r\u00e9gnante, celle du centralisme et de l&rsquo;unitarisme, qui croit ainsi se d\u00e9barrasser du probl\u00e8me ; cette id\u00e9ologie, qui organise et donne ses contenus \u00e0 la culture fran\u00e7aise depuis plus de cinq si\u00e8cles, \u00e0 tel point qu&rsquo;on ne la voit plus et qu&rsquo;on la prend pour la nature des choses, commence \u00e0 d\u00e9cliner face \u00e0 la mont\u00e9e du d\u00e9mocratisme et du pluralisme mais, se faisant par ailleurs la championne de valeurs (unit\u00e9, \u00e9galit\u00e9, la\u00efcit\u00e9, solidarit\u00e9) auxquelles sont attach\u00e9s les Fran\u00e7ais, elle peut longtemps encore prolonger son r\u00e8gne ;\n<\/div><\/div><\/div><\/div><\/div><\/section><\/div> <a href=\"https:\/\/www.nationalisation-langues-de-france.net\/index.php\/2009\/02\/26\/proposition\/#more-5\" class=\"more-link elementor-more-link\"><span aria-label=\"Poursuivre la lecture La proposition\">(plus\u2026)<\/span><\/a>","protected":false},"excerpt":{"rendered":"<p>Deux courants de pens\u00e9e antagonistes se trouvent objectivement alli\u00e9es pour faire que l&rsquo;\u00c9tat se d\u00e9sengage de toute responsabilit\u00e9 quant aux langues\/cultures indig\u00e8nes de son territoire, et pr\u00f4nent l&rsquo;id\u00e9e que c&rsquo;est aux r\u00e9gions seules de s&rsquo;en occuper : *1) l&rsquo;id\u00e9ologie fran\u00e7aise r\u00e9gnante, celle du centralisme et de l&rsquo;unitarisme, qui croit ainsi se d\u00e9barrasser du probl\u00e8me ; cette id\u00e9ologie, qui organise et donne ses contenus \u00e0 la culture fran\u00e7aise depuis plus de cinq si\u00e8cles, \u00e0 tel point qu&rsquo;on ne la voit plus et qu&rsquo;on la prend pour la nature des choses, commence \u00e0 d\u00e9cliner face \u00e0 la mont\u00e9e du d\u00e9mocratisme et du pluralisme mais, se faisant par ailleurs la championne de valeurs (unit\u00e9, \u00e9galit\u00e9, la\u00efcit\u00e9, solidarit\u00e9) auxquelles sont attach\u00e9s les Fran\u00e7ais, elle peut longtemps encore prolonger son r\u00e8gne ;<\/p>\n","protected":false},"author":2,"featured_media":0,"comment_status":"open","ping_status":"open","sticky":false,"template":"","format":"standard","meta":{"ocean_post_layout":"","ocean_both_sidebars_style":"","ocean_both_sidebars_content_width":0,"ocean_both_sidebars_sidebars_width":0,"ocean_sidebar":"","ocean_second_sidebar":"","ocean_disable_margins":"enable","ocean_add_body_class":"","ocean_shortcode_before_top_bar":"","ocean_shortcode_after_top_bar":"","ocean_shortcode_before_header":"","ocean_shortcode_after_header":"","ocean_has_shortcode":"","ocean_shortcode_after_title":"","ocean_shortcode_before_footer_widgets":"","ocean_shortcode_after_footer_widgets":"","ocean_shortcode_before_footer_bottom":"","ocean_shortcode_after_footer_bottom":"","ocean_display_top_bar":"default","ocean_display_header":"default","ocean_header_style":"","ocean_center_header_left_menu":"","ocean_custom_header_template":"","ocean_custom_logo":0,"ocean_custom_retina_logo":0,"ocean_custom_logo_max_width":0,"ocean_custom_logo_tablet_max_width":0,"ocean_custom_logo_mobile_max_width":0,"ocean_custom_logo_max_height":0,"ocean_custom_logo_tablet_max_height":0,"ocean_custom_logo_mobile_max_height":0,"ocean_header_custom_menu":"","ocean_menu_typo_font_family":"","ocean_menu_typo_font_subset":"","ocean_menu_typo_font_size":0,"ocean_menu_typo_font_size_tablet":0,"ocean_menu_typo_font_size_mobile":0,"ocean_menu_typo_font_size_unit":"px","ocean_menu_typo_font_weight":"","ocean_menu_typo_font_weight_tablet":"","ocean_menu_typo_font_weight_mobile":"","ocean_menu_typo_transform":"","ocean_menu_typo_transform_tablet":"","ocean_menu_typo_transform_mobile":"","ocean_menu_typo_line_height":0,"ocean_menu_typo_line_height_tablet":0,"ocean_menu_typo_line_height_mobile":0,"ocean_menu_typo_line_height_unit":"","ocean_menu_typo_spacing":0,"ocean_menu_typo_spacing_tablet":0,"ocean_menu_typo_spacing_mobile":0,"ocean_menu_typo_spacing_unit":"","ocean_menu_link_color":"","ocean_menu_link_color_hover":"","ocean_menu_link_color_active":"","ocean_menu_link_background":"","ocean_menu_link_hover_background":"","ocean_menu_link_active_background":"","ocean_menu_social_links_bg":"","ocean_menu_social_hover_links_bg":"","ocean_menu_social_links_color":"","ocean_menu_social_hover_links_color":"","ocean_disable_title":"default","ocean_disable_heading":"default","ocean_post_title":"","ocean_post_subheading":"","ocean_post_title_style":"","ocean_post_title_background_color":"","ocean_post_title_background":0,"ocean_post_title_bg_image_position":"","ocean_post_title_bg_image_attachment":"","ocean_post_title_bg_image_repeat":"","ocean_post_title_bg_image_size":"","ocean_post_title_height":0,"ocean_post_title_bg_overlay":0.5,"ocean_post_title_bg_overlay_color":"","ocean_disable_breadcrumbs":"default","ocean_breadcrumbs_color":"","ocean_breadcrumbs_separator_color":"","ocean_breadcrumbs_links_color":"","ocean_breadcrumbs_links_hover_color":"","ocean_display_footer_widgets":"default","ocean_display_footer_bottom":"default","ocean_custom_footer_template":"","ocean_post_oembed":"","ocean_post_self_hosted_media":"","ocean_post_video_embed":"","ocean_link_format":"","ocean_link_format_target":"self","ocean_quote_format":"","ocean_quote_format_link":"post","ocean_gallery_link_images":"on","ocean_gallery_id":[],"footnotes":""},"categories":[3],"tags":[7],"class_list":["post-5","post","type-post","status-publish","format-standard","hentry","category-proposition","tag-la-proposition","entry"],"_links":{"self":[{"href":"https:\/\/www.nationalisation-langues-de-france.net\/index.php\/wp-json\/wp\/v2\/posts\/5","targetHints":{"allow":["GET"]}}],"collection":[{"href":"https:\/\/www.nationalisation-langues-de-france.net\/index.php\/wp-json\/wp\/v2\/posts"}],"about":[{"href":"https:\/\/www.nationalisation-langues-de-france.net\/index.php\/wp-json\/wp\/v2\/types\/post"}],"author":[{"embeddable":true,"href":"https:\/\/www.nationalisation-langues-de-france.net\/index.php\/wp-json\/wp\/v2\/users\/2"}],"replies":[{"embeddable":true,"href":"https:\/\/www.nationalisation-langues-de-france.net\/index.php\/wp-json\/wp\/v2\/comments?post=5"}],"version-history":[{"count":0,"href":"https:\/\/www.nationalisation-langues-de-france.net\/index.php\/wp-json\/wp\/v2\/posts\/5\/revisions"}],"wp:attachment":[{"href":"https:\/\/www.nationalisation-langues-de-france.net\/index.php\/wp-json\/wp\/v2\/media?parent=5"}],"wp:term":[{"taxonomy":"category","embeddable":true,"href":"https:\/\/www.nationalisation-langues-de-france.net\/index.php\/wp-json\/wp\/v2\/categories?post=5"},{"taxonomy":"post_tag","embeddable":true,"href":"https:\/\/www.nationalisation-langues-de-france.net\/index.php\/wp-json\/wp\/v2\/tags?post=5"}],"curies":[{"name":"wp","href":"https:\/\/api.w.org\/{rel}","templated":true}]}}