{"id":6,"date":"2009-02-27T19:47:00","date_gmt":"2009-02-27T19:47:00","guid":{"rendered":"http:\/\/blog-nationa-lang-fr.arnaud-bernard.org\/index.php\/2009\/02\/27\/interview-christine-albanel\/"},"modified":"2021-03-03T13:12:07","modified_gmt":"2021-03-03T12:12:07","slug":"interview-christine-albanel","status":"publish","type":"post","link":"https:\/\/www.nationalisation-langues-de-france.net\/index.php\/2009\/02\/27\/interview-christine-albanel\/","title":{"rendered":"Interview de Christine Albanel, ministre de la culture"},"content":{"rendered":"\t\t<div data-elementor-type=\"wp-post\" data-elementor-id=\"6\" class=\"elementor elementor-6\">\n\t\t\t\t\t\t<section class=\"elementor-section elementor-top-section elementor-element elementor-element-28cfa802 elementor-section-boxed elementor-section-height-default elementor-section-height-default\" data-id=\"28cfa802\" data-element_type=\"section\" data-e-type=\"section\">\n\t\t\t\t\t\t<div class=\"elementor-container elementor-column-gap-default\">\n\t\t\t\t\t<div class=\"elementor-column elementor-col-100 elementor-top-column elementor-element elementor-element-21e3a01f\" data-id=\"21e3a01f\" data-element_type=\"column\" data-e-type=\"column\">\n\t\t\t<div class=\"elementor-widget-wrap elementor-element-populated\">\n\t\t\t\t\t\t<div class=\"elementor-element elementor-element-6f6a59b5 elementor-widget elementor-widget-text-editor\" data-id=\"6f6a59b5\" data-element_type=\"widget\" data-e-type=\"widget\" data-widget_type=\"text-editor.default\">\n\t\t\t\t<div class=\"elementor-widget-container\">\n\t\t\t\t\t\t\t\t\t<p><strong>Question 1<\/strong> : &lsquo;L&rsquo;assembl\u00e9e nationale a vot\u00e9 le 22 mai, un amendement \u00e0 l&rsquo;article 1 de la Constitution de la R\u00e9publique disant que \u00ab\u00a0les langues r\u00e9gionales appartiennent \u00e0 son patrimoine\u00a0\u00bb. Il y a deux fa\u00e7ons d&rsquo;entendre cette phrase. Celle qui est retenue par tous, qu&rsquo;ils soient pour ou contre les langues r\u00e9gionales, \u00e0 savoir que ces langues sont des langues de r\u00e9gions fran\u00e7aises et donc appartiennent \u00e0 ce titre, au patrimoine fran\u00e7ais. Mais il y a une autre fa\u00e7on d&rsquo;entendre, radicalement diff\u00e9rente, celle du Forom des Langues de Toulouse, qui dit que ces langues ne sont pas r\u00e9gionales, qu&rsquo;elles n&rsquo;appartiennent pas \u00e0 des r\u00e9gions, mais qu&rsquo;elles sont directement \u00ab\u00a0nationales\u00a0\u00bb, parce qu&rsquo;elles ont marqu\u00e9 ind\u00e9l\u00e9bilement la langue et la culture fran\u00e7aise, comme la langue\/culture fran\u00e7aise les a ind\u00e9l\u00e9bilement marqu\u00e9es, qu&rsquo;elles sont donc la propri\u00e9t\u00e9 de tous les Fran\u00e7ais. Comment r\u00e9agissez-vous \u00e0 cette distinction ?<br \/><\/p><\/div><\/div><\/div><\/div><\/div><\/section><\/div> <a href=\"https:\/\/www.nationalisation-langues-de-france.net\/index.php\/2009\/02\/27\/interview-christine-albanel\/#more-6\" class=\"more-link elementor-more-link\"><span aria-label=\"Poursuivre la lecture Interview de Christine Albanel, ministre de la culture\">(plus\u2026)<\/span><\/a>","protected":false},"excerpt":{"rendered":"<p>__Question 1 : __ \u00a0\u00bbL&rsquo;assembl\u00e9e nationale a vot\u00e9 le 22 mai, un amendement \u00e0 l&rsquo;article 1 de la Constitution de la R\u00e9publique disant que \u00ab\u00a0les langues r\u00e9gionales appartiennent \u00e0 son patrimoine\u00a0\u00bb. Il y a deux fa\u00e7ons d&rsquo;entendre cette phrase. Celle qui est retenue par tous, qu&rsquo;ils soient pour ou contre les langues r\u00e9gionales, \u00e0 savoir que ces langues sont des langues de r\u00e9gions fran\u00e7aises et donc appartiennent \u00e0 ce titre, au patrimoine fran\u00e7ais. Mais il y a une autre fa\u00e7on d&rsquo;entendre, radicalement diff\u00e9rente, celle du Forom des Langues de Toulouse, qui dit que ces langues ne sont pas r\u00e9gionales, qu&rsquo;elles n&rsquo;appartiennent pas \u00e0 des r\u00e9gions, mais qu&rsquo;elles sont directement \u00ab\u00a0nationales\u00a0\u00bb, parce qu&rsquo;elles ont marqu\u00e9 ind\u00e9l\u00e9bilement la langue et la culture fran\u00e7aise, comme la langue\/culture fran\u00e7aise les a ind\u00e9l\u00e9bilement marqu\u00e9es, qu&rsquo;elles sont donc la propri\u00e9t\u00e9 de tous les Fran\u00e7ais. Comment r\u00e9agissez-vous \u00e0 cette distinction ?\u00a0\u00bb<\/p>\n","protected":false},"author":2,"featured_media":0,"comment_status":"open","ping_status":"open","sticky":false,"template":"","format":"standard","meta":{"ocean_post_layout":"","ocean_both_sidebars_style":"","ocean_both_sidebars_content_width":0,"ocean_both_sidebars_sidebars_width":0,"ocean_sidebar":"","ocean_second_sidebar":"","ocean_disable_margins":"enable","ocean_add_body_class":"","ocean_shortcode_before_top_bar":"","ocean_shortcode_after_top_bar":"","ocean_shortcode_before_header":"","ocean_shortcode_after_header":"","ocean_has_shortcode":"","ocean_shortcode_after_title":"","ocean_shortcode_before_footer_widgets":"","ocean_shortcode_after_footer_widgets":"","ocean_shortcode_before_footer_bottom":"","ocean_shortcode_after_footer_bottom":"","ocean_display_top_bar":"default","ocean_display_header":"default","ocean_header_style":"","ocean_center_header_left_menu":"","ocean_custom_header_template":"","ocean_custom_logo":0,"ocean_custom_retina_logo":0,"ocean_custom_logo_max_width":0,"ocean_custom_logo_tablet_max_width":0,"ocean_custom_logo_mobile_max_width":0,"ocean_custom_logo_max_height":0,"ocean_custom_logo_tablet_max_height":0,"ocean_custom_logo_mobile_max_height":0,"ocean_header_custom_menu":"","ocean_menu_typo_font_family":"","ocean_menu_typo_font_subset":"","ocean_menu_typo_font_size":0,"ocean_menu_typo_font_size_tablet":0,"ocean_menu_typo_font_size_mobile":0,"ocean_menu_typo_font_size_unit":"px","ocean_menu_typo_font_weight":"","ocean_menu_typo_font_weight_tablet":"","ocean_menu_typo_font_weight_mobile":"","ocean_menu_typo_transform":"","ocean_menu_typo_transform_tablet":"","ocean_menu_typo_transform_mobile":"","ocean_menu_typo_line_height":0,"ocean_menu_typo_line_height_tablet":0,"ocean_menu_typo_line_height_mobile":0,"ocean_menu_typo_line_height_unit":"","ocean_menu_typo_spacing":0,"ocean_menu_typo_spacing_tablet":0,"ocean_menu_typo_spacing_mobile":0,"ocean_menu_typo_spacing_unit":"","ocean_menu_link_color":"","ocean_menu_link_color_hover":"","ocean_menu_link_color_active":"","ocean_menu_link_background":"","ocean_menu_link_hover_background":"","ocean_menu_link_active_background":"","ocean_menu_social_links_bg":"","ocean_menu_social_hover_links_bg":"","ocean_menu_social_links_color":"","ocean_menu_social_hover_links_color":"","ocean_disable_title":"default","ocean_disable_heading":"default","ocean_post_title":"","ocean_post_subheading":"","ocean_post_title_style":"","ocean_post_title_background_color":"","ocean_post_title_background":0,"ocean_post_title_bg_image_position":"","ocean_post_title_bg_image_attachment":"","ocean_post_title_bg_image_repeat":"","ocean_post_title_bg_image_size":"","ocean_post_title_height":0,"ocean_post_title_bg_overlay":0.5,"ocean_post_title_bg_overlay_color":"","ocean_disable_breadcrumbs":"default","ocean_breadcrumbs_color":"","ocean_breadcrumbs_separator_color":"","ocean_breadcrumbs_links_color":"","ocean_breadcrumbs_links_hover_color":"","ocean_display_footer_widgets":"default","ocean_display_footer_bottom":"default","ocean_custom_footer_template":"","ocean_post_oembed":"","ocean_post_self_hosted_media":"","ocean_post_video_embed":"","ocean_link_format":"","ocean_link_format_target":"self","ocean_quote_format":"","ocean_quote_format_link":"post","ocean_gallery_link_images":"on","ocean_gallery_id":[],"footnotes":""},"categories":[4],"tags":[],"class_list":["post-6","post","type-post","status-publish","format-standard","hentry","category-contributions","entry"],"_links":{"self":[{"href":"https:\/\/www.nationalisation-langues-de-france.net\/index.php\/wp-json\/wp\/v2\/posts\/6","targetHints":{"allow":["GET"]}}],"collection":[{"href":"https:\/\/www.nationalisation-langues-de-france.net\/index.php\/wp-json\/wp\/v2\/posts"}],"about":[{"href":"https:\/\/www.nationalisation-langues-de-france.net\/index.php\/wp-json\/wp\/v2\/types\/post"}],"author":[{"embeddable":true,"href":"https:\/\/www.nationalisation-langues-de-france.net\/index.php\/wp-json\/wp\/v2\/users\/2"}],"replies":[{"embeddable":true,"href":"https:\/\/www.nationalisation-langues-de-france.net\/index.php\/wp-json\/wp\/v2\/comments?post=6"}],"version-history":[{"count":0,"href":"https:\/\/www.nationalisation-langues-de-france.net\/index.php\/wp-json\/wp\/v2\/posts\/6\/revisions"}],"wp:attachment":[{"href":"https:\/\/www.nationalisation-langues-de-france.net\/index.php\/wp-json\/wp\/v2\/media?parent=6"}],"wp:term":[{"taxonomy":"category","embeddable":true,"href":"https:\/\/www.nationalisation-langues-de-france.net\/index.php\/wp-json\/wp\/v2\/categories?post=6"},{"taxonomy":"post_tag","embeddable":true,"href":"https:\/\/www.nationalisation-langues-de-france.net\/index.php\/wp-json\/wp\/v2\/tags?post=6"}],"curies":[{"name":"wp","href":"https:\/\/api.w.org\/{rel}","templated":true}]}}